{"id":1022,"date":"2025-03-16T08:55:00","date_gmt":"2025-03-16T07:55:00","guid":{"rendered":"https:\/\/www.muzeum.klodzko.pl\/n\/?p=1022"},"modified":"2025-06-17T10:58:17","modified_gmt":"2025-06-17T08:58:17","slug":"1022-2","status":"publish","type":"post","link":"https:\/\/www.muzeum.klodzko.pl\/n\/1022-2\/","title":{"rendered":"Noc Muze\u00f3w"},"content":{"rendered":"\n<p>\u25ba\u25ba\u25ba <strong>Noc Muze\u00f3w<\/strong> \u25c4\u25c4\u25c4<br><br><strong><em>W ramach potr\u00f3jnego \u015bwi\u0119towania<\/em><\/strong><br><br><strong>16 maja 2025  <\/strong><br><strong>godzina 18:00-23:00<\/strong><br><br>Zapraszamy do potr\u00f3jnego \u015bwi\u0119towania podczas tegorocznej Nocy Muze\u00f3w. <br>Szykujemy dla Pa\u0144stwa niespodziank\u0119 ekspozycyjn\u0105 i co najmniej dwie inspiruj\u0105ce podr\u00f3\u017ce mentalne w rewiry znane muzealnikom, a w t\u0119 wyj\u0105tkow\u0105 noc dost\u0119pne tak\u017ce dla wszystkich dociekliwych go\u015bci. <br>Serdecznie Pa\u0144stwa zapraszamy w progi k\u0142odzkiego muzeum, kt\u00f3re w t\u0119 wyj\u0105tkow\u0105 noc mo\u017ce si\u0119 okaza\u0107 przedsionkiem do Pa\u0144stwa thesaurusa.<br><br>Jako \u017ce cech\u0105 takich skarbc\u00f3w jest ich skrupulatne ukrycie, my b\u0119dziemy stopniowo i dyskretnie ods\u0142ania\u0107 przed Pa\u0144stwem kolejne fragmenty majowego wydarzenia. <br><br>Ju\u017c dzi\u015b potr\u00f3jnie Pa\u0144stwa zapraszamy!<br><br>W ramach potr\u00f3jnego \u015bwi\u0119towania<\/p>\n\n\n\n<p>\u25cf Dzie\u0144 Muzealnika<br>Czego mo\u017cna by \u017cyczy\u0107 muzealnikowi z okazji jego \u015bwi\u0119ta? (instalacja tworzona przez Go\u015bci muzeum)<\/p>\n\n\n\n<p>\u25cf Noc Muzealnika<br>Co drzemie w g\u0142owie muzealnika, kiedy wszyscy inni \u015bpi\u0105 g\u0142\u0119boko? (instalacja do eksplorowania przez Go\u015bci muzeum)<\/p>\n\n\n\n<p>\u25cf Sub triplici celebritate festivanda<br>Wystawa czasowa dokument\u00f3w z archiwum przy parafii pw. Wniebowzi\u0119cia NMP w K\u0142odzku<\/p>\n\n\n\n<p>Nadto w programie:<\/p>\n\n\n\n<p>Dobre s\u0142owo od Kustosza<br>Maksymalna miniatura<br>Indeks ksi\u0105g zakazanych<br>Varia zza s\u0142\u00f3w<br>Wspomnienia na p\u00f3\u017aniej<br>Sekretne lektury<br><br>Kuratork\u0105 najnowszej wystawy i Nocy Muze\u00f3w 2025 jest Joanna Stoklasek-Michalak<\/p>\n\n\n\n<p>oraz<\/p>\n\n\n\n<p>\u25ba<strong>godz. 18:30<\/strong> wyk\u0142ad <a href=\"https:\/\/ludzie.nauka.gov.pl\/ln\/profiles\/oZVPWnkT61I\">dr. Stanis\u0142awa Jujeczki <\/a>pt. &#8222;<em>Vivat lingua latina! \u0141acina w k\u0142odzkich dokumentach archiwalnych<\/em>&#8222;<\/p>\n\n\n\n<p>\u25ba<strong>godz. 20:00<\/strong> wyk\u0142ad dr. Jacka Tomaszewskiego pt. &#8222;Tajemnice warsztatu konserwatora&#8221;<br><br>\u25ba Zwiedzanie wystaw sta\u0142ych<strong>:<\/strong> <br><br> \u25cf <a href=\"https:\/\/www.muzeum.klodzko.pl\/n\/z-dziejow-klodzka\/\" target=\"_blank\" rel=\"noreferrer noopener\"><strong><em>Z dziej\u00f3w K\u0142odzka<\/em><\/strong><\/a><br> \u25cf <a href=\"https:\/\/www.muzeum.klodzko.pl\/n\/wystawa-stala-kruche-piekno\/\" target=\"_blank\" rel=\"noreferrer noopener\"><strong><em>Kruche Pi\u0119kno Szk\u0142o k\u0142odzkie z 2 po\u0142owy XX wieku. Kolekcja Muzeum Ziemi K\u0142odzkiej w K\u0142odzku<\/em><\/strong><\/a> <br> \u25cf <a href=\"https:\/\/www.muzeum.klodzko.pl\/n\/wystawa-stala-oczy-czasu\/\" target=\"_blank\" rel=\"noreferrer noopener\"><strong><em>Oczy czasu Zegary mechaniczne popularne na \u015al\u0105sku w XIX i w I po\u0142. XX wieku w zbiorach Muzeum Ziemi K\u0142odzkiej<\/em><\/strong><\/a> <br><br>Wst\u0119p wolny!<br><br>Wsp\u00f3\u0142praca: <br><br>Parafia pw. Wniebowzi\u0119cia NMP w K\u0142odzku<br>Henryka Szczepanowska<\/p>\n\n\n\n<p><br><\/p>\n","protected":false},"excerpt":{"rendered":"<p>\u25ba\u25ba\u25ba Noc Muze\u00f3w \u25c4\u25c4\u25c4 W ramach potr\u00f3jnego \u015bwi\u0119towania 16 maja 2025 godzina 18:00-23:00 Zapraszamy do potr\u00f3jnego \u015bwi\u0119towania podczas tegorocznej Nocy Muze\u00f3w. Szykujemy dla Pa\u0144stwa niespodziank\u0119 ekspozycyjn\u0105 i co najmniej dwie inspiruj\u0105ce podr\u00f3\u017ce mentalne w rewiry znane muzealnikom, a w t\u0119 wyj\u0105tkow\u0105 noc dost\u0119pne tak\u017ce dla wszystkich dociekliwych go\u015bci. Serdecznie Pa\u0144stwa zapraszamy w progi k\u0142odzkiego muzeum,&hellip;&nbsp;<a href=\"https:\/\/www.muzeum.klodzko.pl\/n\/1022-2\/\" rel=\"bookmark\">Dowiedz si\u0119 wi\u0119cej &raquo;<span class=\"screen-reader-text\">Noc Muze\u00f3w<\/span><\/a><\/p>\n","protected":false},"author":3,"featured_media":1145,"comment_status":"closed","ping_status":"open","sticky":false,"template":"","format":"standard","meta":{"neve_meta_sidebar":"","neve_meta_container":"","neve_meta_enable_content_width":"","neve_meta_content_width":0,"neve_meta_title_alignment":"","neve_meta_author_avatar":"","neve_post_elements_order":"","neve_meta_disable_header":"","neve_meta_disable_footer":"","neve_meta_disable_title":"","footnotes":""},"categories":[1],"tags":[],"class_list":["post-1022","post","type-post","status-publish","format-standard","has-post-thumbnail","hentry","category-bez-kategorii"],"_links":{"self":[{"href":"https:\/\/www.muzeum.klodzko.pl\/n\/wp-json\/wp\/v2\/posts\/1022","targetHints":{"allow":["GET"]}}],"collection":[{"href":"https:\/\/www.muzeum.klodzko.pl\/n\/wp-json\/wp\/v2\/posts"}],"about":[{"href":"https:\/\/www.muzeum.klodzko.pl\/n\/wp-json\/wp\/v2\/types\/post"}],"author":[{"embeddable":true,"href":"https:\/\/www.muzeum.klodzko.pl\/n\/wp-json\/wp\/v2\/users\/3"}],"replies":[{"embeddable":true,"href":"https:\/\/www.muzeum.klodzko.pl\/n\/wp-json\/wp\/v2\/comments?post=1022"}],"version-history":[{"count":11,"href":"https:\/\/www.muzeum.klodzko.pl\/n\/wp-json\/wp\/v2\/posts\/1022\/revisions"}],"predecessor-version":[{"id":1418,"href":"https:\/\/www.muzeum.klodzko.pl\/n\/wp-json\/wp\/v2\/posts\/1022\/revisions\/1418"}],"wp:featuredmedia":[{"embeddable":true,"href":"https:\/\/www.muzeum.klodzko.pl\/n\/wp-json\/wp\/v2\/media\/1145"}],"wp:attachment":[{"href":"https:\/\/www.muzeum.klodzko.pl\/n\/wp-json\/wp\/v2\/media?parent=1022"}],"wp:term":[{"taxonomy":"category","embeddable":true,"href":"https:\/\/www.muzeum.klodzko.pl\/n\/wp-json\/wp\/v2\/categories?post=1022"},{"taxonomy":"post_tag","embeddable":true,"href":"https:\/\/www.muzeum.klodzko.pl\/n\/wp-json\/wp\/v2\/tags?post=1022"}],"curies":[{"name":"wp","href":"https:\/\/api.w.org\/{rel}","templated":true}]}}