{"id":1133,"date":"2025-03-09T05:58:00","date_gmt":"2025-03-09T04:58:00","guid":{"rendered":"https:\/\/www.muzeum.klodzko.pl\/n\/?p=1133"},"modified":"2025-06-17T10:57:35","modified_gmt":"2025-06-17T08:57:35","slug":"spotkanie-autorskie-z-sylwia-winnik","status":"publish","type":"post","link":"https:\/\/www.muzeum.klodzko.pl\/n\/spotkanie-autorskie-z-sylwia-winnik\/","title":{"rendered":"Spotkanie autorskie z Sylwi\u0105 Winnik"},"content":{"rendered":"\n<p>W<strong> 215 rocznic\u0119 urodzin Marianny Ora\u0144skiej<\/strong> zapraszamy na spotkanie z<strong><em> <\/em><a href=\"https:\/\/www.facebook.com\/winniksylwia?locale=pl_PL\" data-type=\"link\" data-id=\"https:\/\/www.facebook.com\/winniksylwia?locale=pl_PL\" target=\"_blank\" rel=\"noreferrer noopener\">Sylwi\u0105 Winnik<\/a> <\/strong>autork\u0105 ksi\u0105\u017cki <strong>\u201eDobra Pani\u201d<\/strong><br><strong>9 maja 2025<br>godzina 17.00 <\/strong><br><br>Wst\u0119p wolny! <br><br><br><br><br><a href=\"https:\/\/pl.wikipedia.org\/wiki\/Sylwia_Winnik\" data-type=\"link\" data-id=\"https:\/\/pl.wikipedia.org\/wiki\/Sylwia_Winnik\" target=\"_blank\" rel=\"noreferrer noopener\"><strong>Sylwia Winnik<\/strong><\/a>. Polska pisarka i blogerka. Absolwentka Wy\u017cszej Szko\u0142y Zarz\u0105dzania i Finans\u00f3w we Wroc\u0142awiu na kierunku politologia i dziennikarstwo. <br>Zadebiutowa\u0142a w 2018 roku reporta\u017cem pisanym na podstawie rozm\u00f3w ze \u015bwiadkami historii pt. <em>Dziewcz\u0119ta z Auschwitz<\/em>. Ksi\u0105\u017cka sta\u0142a si\u0119 bestsellerem zdobywaj\u0105c nagrod\u0119 roku w plebiscycie portalu Lubimyczyta\u0107.pl na najlepsz\u0105 ksi\u0105\u017ck\u0119 roku. Rok p\u00f3\u017aniej zaj\u0119\u0142a pierwsze miejsce plebiscytu Ksi\u0105\u017cka Roku LubimyCzyta\u0107.pl. za reporta\u017c o misjach pokojowych pt. <em>Tylko prze\u017cy\u0107. Prawdziwe historie rodzin polskich \u017co\u0142nierzy<\/em>. Od 2014 roku do momentu debiutu prowadzi\u0142a blog literacki <em>Czas na Ksi\u0105\u017cki<\/em>. W 2015 roku otrzyma\u0142a nagrod\u0119 czytelnik\u00f3w magazynu Fanbook za najlepszy blog literacki i tytu\u0142 Ksi\u0105\u017ckowego Blogera Roku.<br><br>W 2022 roku zadebiutowa\u0142a w literaturze dzieci\u0119cej. Nak\u0142adem wydawnictwa Frajda ukaza\u0142 si\u0119 pierwszy tom serii <em>Czarny Kot Tymek<\/em>, <em>czarny kot i zagadki pa\u0142acu Marianny<\/em>, inspirowanej prawdziwymi polskimi zabytkami i ich histori\u0105.<br><br>Jest pomys\u0142odawczyni\u0105 i wsp\u00f3\u0142organizatork\u0105 festiwalu literackiego \u201eCzas na Ksi\u0105\u017cki\u201d w swoich rodzinnych Z\u0105bkowicach \u015al\u0105skich.<\/p>\n","protected":false},"excerpt":{"rendered":"<p>W 215 rocznic\u0119 urodzin Marianny Ora\u0144skiej zapraszamy na spotkanie z Sylwi\u0105 Winnik autork\u0105 ksi\u0105\u017cki \u201eDobra Pani\u201d9 maja 2025godzina 17.00 Wst\u0119p wolny! Sylwia Winnik. Polska pisarka i blogerka. Absolwentka Wy\u017cszej Szko\u0142y Zarz\u0105dzania i Finans\u00f3w we Wroc\u0142awiu na kierunku politologia i dziennikarstwo. Zadebiutowa\u0142a w 2018 roku reporta\u017cem pisanym na podstawie rozm\u00f3w ze \u015bwiadkami historii pt. Dziewcz\u0119ta z&hellip;&nbsp;<a href=\"https:\/\/www.muzeum.klodzko.pl\/n\/spotkanie-autorskie-z-sylwia-winnik\/\" rel=\"bookmark\">Dowiedz si\u0119 wi\u0119cej &raquo;<span class=\"screen-reader-text\">Spotkanie autorskie z Sylwi\u0105 Winnik<\/span><\/a><\/p>\n","protected":false},"author":3,"featured_media":1134,"comment_status":"closed","ping_status":"open","sticky":false,"template":"","format":"standard","meta":{"neve_meta_sidebar":"","neve_meta_container":"","neve_meta_enable_content_width":"","neve_meta_content_width":0,"neve_meta_title_alignment":"","neve_meta_author_avatar":"","neve_post_elements_order":"","neve_meta_disable_header":"","neve_meta_disable_footer":"","neve_meta_disable_title":"","footnotes":""},"categories":[1],"tags":[],"class_list":["post-1133","post","type-post","status-publish","format-standard","has-post-thumbnail","hentry","category-bez-kategorii"],"_links":{"self":[{"href":"https:\/\/www.muzeum.klodzko.pl\/n\/wp-json\/wp\/v2\/posts\/1133","targetHints":{"allow":["GET"]}}],"collection":[{"href":"https:\/\/www.muzeum.klodzko.pl\/n\/wp-json\/wp\/v2\/posts"}],"about":[{"href":"https:\/\/www.muzeum.klodzko.pl\/n\/wp-json\/wp\/v2\/types\/post"}],"author":[{"embeddable":true,"href":"https:\/\/www.muzeum.klodzko.pl\/n\/wp-json\/wp\/v2\/users\/3"}],"replies":[{"embeddable":true,"href":"https:\/\/www.muzeum.klodzko.pl\/n\/wp-json\/wp\/v2\/comments?post=1133"}],"version-history":[{"count":2,"href":"https:\/\/www.muzeum.klodzko.pl\/n\/wp-json\/wp\/v2\/posts\/1133\/revisions"}],"predecessor-version":[{"id":1140,"href":"https:\/\/www.muzeum.klodzko.pl\/n\/wp-json\/wp\/v2\/posts\/1133\/revisions\/1140"}],"wp:featuredmedia":[{"embeddable":true,"href":"https:\/\/www.muzeum.klodzko.pl\/n\/wp-json\/wp\/v2\/media\/1134"}],"wp:attachment":[{"href":"https:\/\/www.muzeum.klodzko.pl\/n\/wp-json\/wp\/v2\/media?parent=1133"}],"wp:term":[{"taxonomy":"category","embeddable":true,"href":"https:\/\/www.muzeum.klodzko.pl\/n\/wp-json\/wp\/v2\/categories?post=1133"},{"taxonomy":"post_tag","embeddable":true,"href":"https:\/\/www.muzeum.klodzko.pl\/n\/wp-json\/wp\/v2\/tags?post=1133"}],"curies":[{"name":"wp","href":"https:\/\/api.w.org\/{rel}","templated":true}]}}