{"id":2353,"date":"2025-07-24T15:36:00","date_gmt":"2025-07-24T13:36:00","guid":{"rendered":"https:\/\/www.muzeum.klodzko.pl\/n\/?p=2353"},"modified":"2025-10-07T10:28:03","modified_gmt":"2025-10-07T08:28:03","slug":"weekend-seniora-z-kultura","status":"publish","type":"post","link":"https:\/\/www.muzeum.klodzko.pl\/n\/weekend-seniora-z-kultura\/","title":{"rendered":"Weekend seniora z kultur\u0105"},"content":{"rendered":"\n<p>Weekend seniora z kultur\u0105 <br>W zwi\u0105zku z organizacj\u0105 12 edycji wydarzenia &#8222;<strong>Weekend seniora z kultur\u0105<\/strong>&#8221; proponujemy <strong>seniorom<\/strong> w weekend <strong>4 i 5 pa\u017adziernika 2025<\/strong> r. <strong>darmowy wst\u0119p do Muzeum Ziemi K\u0142odzkiej w K\u0142odzku<\/strong>. <br>W sobot\u0119 i niedziel\u0119 w godzinach 10.00-16.00 b\u0119dzie mo\u017cliwe bezp\u0142atne zwiedzanie nast\u0119puj\u0105cych wystaw: <\/p>\n\n\n\n<ul class=\"wp-block-list\">\n<li><a href=\"https:\/\/www.muzeum.klodzko.pl\/n\/z-dziejow-klodzka\/\" target=\"_blank\" rel=\"noreferrer noopener\"><strong><em>Z dziej\u00f3w K\u0142odzka<\/em><\/strong><\/a><\/li>\n\n\n\n<li><em><strong><a href=\"https:\/\/www.muzeum.klodzko.pl\/n\/wystawa-stala-kruche-piekno\/\">Kruche Pi\u0119kno<\/a><\/strong>. <br><strong>Szk\u0142o k\u0142odzkie z 2 po\u0142owy XX wieku. Kolekcja Muzeum Ziemi K\u0142odzkiej w K\u0142odzku<\/strong><\/em><\/li>\n\n\n\n<li><em><strong><a href=\"https:\/\/www.muzeum.klodzko.pl\/n\/wystawa-stala-oczy-czasu\/\" target=\"_blank\" rel=\"noreferrer noopener\">Oczy czasu<\/a><\/strong>. <br><strong>Zegary mechaniczne popularne na \u015al\u0105sku w XIX i w I po\u0142. XX wieku w zbiorach Muzeum Ziemi K\u0142odzkiej<\/strong><\/em><\/li>\n\n\n\n<li><strong>lapidarium na dziedzi\u0144cu muzealnym<\/strong>. <\/li>\n<\/ul>\n\n\n\n<p>Zach\u0119camy do skorzystania z naszej oferty! <br><br>Dla Senior\u00f3w wst\u0119p wolny!<br><br><br><br><br><a href=\"https:\/\/www.instagram.com\/kultura_gov_pl?igsh=cXAyd2tydXYybXB0&amp;utm_source=qr czyli @kultura_gov_pl. Warto aby\u015bmy podczas promowania wydarze\u0144 dodawali\u00a0 wsp\u00f3lny hasztag akcji: #WeekendSeniorazKultur\u0105\" target=\"_blank\" rel=\"noreferrer noopener\"> https:\/\/www.instagram.com\/kultura_gov_pl?igsh=cXAyd2tydXYybXB0&amp;utm_source=qr<\/a><br><br><a href=\"https:\/\/www.instagram.com\/kultura_gov_pl?igsh=cXAyd2tydXYybXB0&amp;utm_source=qr czyli @kultura_gov_pl. Warto aby\u015bmy podczas promowania wydarze\u0144 dodawali\u00a0 wsp\u00f3lny hasztag akcji: #WeekendSeniorazKultur\u0105\" target=\"_blank\" rel=\"noreferrer noopener\">@kultura_gov_pl. <\/a><br><br><a href=\"https:\/\/www.instagram.com\/kultura_gov_pl?igsh=cXAyd2tydXYybXB0&amp;utm_source=qr czyli @kultura_gov_pl. Warto aby\u015bmy podczas promowania wydarze\u0144 dodawali\u00a0 wsp\u00f3lny hasztag akcji: #WeekendSeniorazKultur\u0105\" target=\"_blank\" rel=\"noreferrer noopener\">#WeekendSeniorazKultur\u0105<\/a><\/p>\n\n\n\n<p><\/p>\n","protected":false},"excerpt":{"rendered":"<p>Weekend seniora z kultur\u0105 W zwi\u0105zku z organizacj\u0105 12 edycji wydarzenia &#8222;Weekend seniora z kultur\u0105&#8221; proponujemy seniorom w weekend 4 i 5 pa\u017adziernika 2025 r. darmowy wst\u0119p do Muzeum Ziemi K\u0142odzkiej w K\u0142odzku. W sobot\u0119 i niedziel\u0119 w godzinach 10.00-16.00 b\u0119dzie mo\u017cliwe bezp\u0142atne zwiedzanie nast\u0119puj\u0105cych wystaw: Zach\u0119camy do skorzystania z naszej oferty! Dla Senior\u00f3w wst\u0119p&hellip;&nbsp;<a href=\"https:\/\/www.muzeum.klodzko.pl\/n\/weekend-seniora-z-kultura\/\" rel=\"bookmark\">Dowiedz si\u0119 wi\u0119cej &raquo;<span class=\"screen-reader-text\">Weekend seniora z kultur\u0105<\/span><\/a><\/p>\n","protected":false},"author":3,"featured_media":2354,"comment_status":"closed","ping_status":"open","sticky":false,"template":"","format":"standard","meta":{"neve_meta_sidebar":"","neve_meta_container":"","neve_meta_enable_content_width":"","neve_meta_content_width":0,"neve_meta_title_alignment":"","neve_meta_author_avatar":"","neve_post_elements_order":"","neve_meta_disable_header":"","neve_meta_disable_footer":"","neve_meta_disable_title":"","footnotes":""},"categories":[6],"tags":[],"class_list":["post-2353","post","type-post","status-publish","format-standard","has-post-thumbnail","hentry","category-wydarzenia"],"_links":{"self":[{"href":"https:\/\/www.muzeum.klodzko.pl\/n\/wp-json\/wp\/v2\/posts\/2353","targetHints":{"allow":["GET"]}}],"collection":[{"href":"https:\/\/www.muzeum.klodzko.pl\/n\/wp-json\/wp\/v2\/posts"}],"about":[{"href":"https:\/\/www.muzeum.klodzko.pl\/n\/wp-json\/wp\/v2\/types\/post"}],"author":[{"embeddable":true,"href":"https:\/\/www.muzeum.klodzko.pl\/n\/wp-json\/wp\/v2\/users\/3"}],"replies":[{"embeddable":true,"href":"https:\/\/www.muzeum.klodzko.pl\/n\/wp-json\/wp\/v2\/comments?post=2353"}],"version-history":[{"count":3,"href":"https:\/\/www.muzeum.klodzko.pl\/n\/wp-json\/wp\/v2\/posts\/2353\/revisions"}],"predecessor-version":[{"id":2363,"href":"https:\/\/www.muzeum.klodzko.pl\/n\/wp-json\/wp\/v2\/posts\/2353\/revisions\/2363"}],"wp:featuredmedia":[{"embeddable":true,"href":"https:\/\/www.muzeum.klodzko.pl\/n\/wp-json\/wp\/v2\/media\/2354"}],"wp:attachment":[{"href":"https:\/\/www.muzeum.klodzko.pl\/n\/wp-json\/wp\/v2\/media?parent=2353"}],"wp:term":[{"taxonomy":"category","embeddable":true,"href":"https:\/\/www.muzeum.klodzko.pl\/n\/wp-json\/wp\/v2\/categories?post=2353"},{"taxonomy":"post_tag","embeddable":true,"href":"https:\/\/www.muzeum.klodzko.pl\/n\/wp-json\/wp\/v2\/tags?post=2353"}],"curies":[{"name":"wp","href":"https:\/\/api.w.org\/{rel}","templated":true}]}}