{"id":3308,"date":"2026-01-02T11:55:12","date_gmt":"2026-01-02T10:55:12","guid":{"rendered":"https:\/\/www.muzeum.klodzko.pl\/n\/?p=3308"},"modified":"2026-02-17T10:49:16","modified_gmt":"2026-02-17T09:49:16","slug":"ferie-w-muzeum-2","status":"publish","type":"post","link":"https:\/\/www.muzeum.klodzko.pl\/n\/ferie-w-muzeum-2\/","title":{"rendered":"Ferie w Muzeum"},"content":{"rendered":"\n<p> <strong>Ferie 2026 w Muzeum Ziemi K\u0142odzkiej w K\u0142odzku<\/strong>  <br><br>Serdecznie zapraszamy dzieci i m\u0142odzie\u017c  <\/p>\n\n\n\n<p>3 lutego 2026 r., godz. 10.00-12.00 <br><em><strong>Bal karnawa\u0142owy u Marianny Ora\u0144skiej<\/strong><\/em>  &#8211; warsztaty modniarskie dla dzieci. Zaj\u0119cia maj\u0105 na celu przybli\u017cenie postaci kr\u00f3lewny Marianny Ora\u0144skiej oraz zapoznanie uczestnik\u00f3w z mod\u0105 i zwyczajami panuj\u0105cymi w XIX w. Podczas warsztat\u00f3w dzieci stworz\u0105 pi\u0119knie zdobione nakrycia g\u0142owy i maski karnawa\u0142owe. <\/p>\n\n\n\n<p>5 lutego 2026 r., godz. 10.00-12.00 <br><em><strong>K\u0142odzko nie mie\u015bci si\u0119 w ramach <\/strong><\/em> &#8211; uczestnicy warsztat\u00f3w zapoznaj\u0105 si\u0119 z prezentowanymi na wystawach Muzeum Ziemi K\u0142odzkiej przedstawieniami K\u0142odzka, a nast\u0119pnie stworz\u0105 prac\u0119 plastyczn\u0105 ukazuj\u0105c\u0105 K\u0142odzko. <\/p>\n\n\n\n<p>10 lutego 2026 r., godz. 10.00-12.00<br><em><strong>W glinie i plastelinie \u2013 ptaszki, baranki, wo\u0142ki i osio\u0142ki<\/strong><\/em> \u2013 zabawy i warsztaty plastyczne na prezentowanej w muzeum wystawie \u201ePtaki Niebieskie\u201d krakowskiego artysty Krzysztofa Okonia.<\/p>\n\n\n\n<p>12 lutego 2026 r., godz. 10.00-12.00<br><em><strong>Palcami na szkle malowane<\/strong><\/em> \u2013 zabawy i warsztaty plastyczne na prezentowanej w muzeum wystawie \u201ePtaki Niebieskie\u201d krakowskiego artysty Krzysztofa Okonia.<\/p>\n\n\n\n<p>Wst\u0119p: 10 z\u0142 od osoby.<br>Prosimy o wcze\u015bniejsze zapisy grup zorganizowanych pod numerem telefonu: 74 867 35 70 wewn\u0119trzny 23 <\/p>\n\n\n\n<figure class=\"wp-block-image size-large\"><img loading=\"lazy\" decoding=\"async\" width=\"724\" height=\"1024\" src=\"https:\/\/www.muzeum.klodzko.pl\/n\/wp-content\/uploads\/2026\/01\/Ferie-2026-plakat-na-strone-724x1024.jpg\" alt=\"\" class=\"wp-image-3329\" srcset=\"https:\/\/www.muzeum.klodzko.pl\/n\/wp-content\/uploads\/2026\/01\/Ferie-2026-plakat-na-strone-724x1024.jpg 724w, https:\/\/www.muzeum.klodzko.pl\/n\/wp-content\/uploads\/2026\/01\/Ferie-2026-plakat-na-strone-212x300.jpg 212w, https:\/\/www.muzeum.klodzko.pl\/n\/wp-content\/uploads\/2026\/01\/Ferie-2026-plakat-na-strone-106x150.jpg 106w, https:\/\/www.muzeum.klodzko.pl\/n\/wp-content\/uploads\/2026\/01\/Ferie-2026-plakat-na-strone-768x1086.jpg 768w, https:\/\/www.muzeum.klodzko.pl\/n\/wp-content\/uploads\/2026\/01\/Ferie-2026-plakat-na-strone-1086x1536.jpg 1086w, https:\/\/www.muzeum.klodzko.pl\/n\/wp-content\/uploads\/2026\/01\/Ferie-2026-plakat-na-strone.jpg 1273w\" sizes=\"auto, (max-width: 724px) 100vw, 724px\" \/><\/figure>\n","protected":false},"excerpt":{"rendered":"<p>Ferie 2026 w Muzeum Ziemi K\u0142odzkiej w K\u0142odzku Serdecznie zapraszamy dzieci i m\u0142odzie\u017c 3 lutego 2026 r., godz. 10.00-12.00 Bal karnawa\u0142owy u Marianny Ora\u0144skiej &#8211; warsztaty modniarskie dla dzieci. Zaj\u0119cia maj\u0105 na celu przybli\u017cenie postaci kr\u00f3lewny Marianny Ora\u0144skiej oraz zapoznanie uczestnik\u00f3w z mod\u0105 i zwyczajami panuj\u0105cymi w XIX w. Podczas warsztat\u00f3w dzieci stworz\u0105 pi\u0119knie zdobione&hellip;&nbsp;<a href=\"https:\/\/www.muzeum.klodzko.pl\/n\/ferie-w-muzeum-2\/\" rel=\"bookmark\">Dowiedz si\u0119 wi\u0119cej &raquo;<span class=\"screen-reader-text\">Ferie w Muzeum<\/span><\/a><\/p>\n","protected":false},"author":3,"featured_media":3309,"comment_status":"closed","ping_status":"open","sticky":false,"template":"","format":"standard","meta":{"neve_meta_sidebar":"","neve_meta_container":"","neve_meta_enable_content_width":"","neve_meta_content_width":0,"neve_meta_title_alignment":"","neve_meta_author_avatar":"","neve_post_elements_order":"","neve_meta_disable_header":"","neve_meta_disable_footer":"","neve_meta_disable_title":"","footnotes":""},"categories":[6],"tags":[],"class_list":["post-3308","post","type-post","status-publish","format-standard","has-post-thumbnail","hentry","category-wydarzenia"],"_links":{"self":[{"href":"https:\/\/www.muzeum.klodzko.pl\/n\/wp-json\/wp\/v2\/posts\/3308","targetHints":{"allow":["GET"]}}],"collection":[{"href":"https:\/\/www.muzeum.klodzko.pl\/n\/wp-json\/wp\/v2\/posts"}],"about":[{"href":"https:\/\/www.muzeum.klodzko.pl\/n\/wp-json\/wp\/v2\/types\/post"}],"author":[{"embeddable":true,"href":"https:\/\/www.muzeum.klodzko.pl\/n\/wp-json\/wp\/v2\/users\/3"}],"replies":[{"embeddable":true,"href":"https:\/\/www.muzeum.klodzko.pl\/n\/wp-json\/wp\/v2\/comments?post=3308"}],"version-history":[{"count":3,"href":"https:\/\/www.muzeum.klodzko.pl\/n\/wp-json\/wp\/v2\/posts\/3308\/revisions"}],"predecessor-version":[{"id":3330,"href":"https:\/\/www.muzeum.klodzko.pl\/n\/wp-json\/wp\/v2\/posts\/3308\/revisions\/3330"}],"wp:featuredmedia":[{"embeddable":true,"href":"https:\/\/www.muzeum.klodzko.pl\/n\/wp-json\/wp\/v2\/media\/3309"}],"wp:attachment":[{"href":"https:\/\/www.muzeum.klodzko.pl\/n\/wp-json\/wp\/v2\/media?parent=3308"}],"wp:term":[{"taxonomy":"category","embeddable":true,"href":"https:\/\/www.muzeum.klodzko.pl\/n\/wp-json\/wp\/v2\/categories?post=3308"},{"taxonomy":"post_tag","embeddable":true,"href":"https:\/\/www.muzeum.klodzko.pl\/n\/wp-json\/wp\/v2\/tags?post=3308"}],"curies":[{"name":"wp","href":"https:\/\/api.w.org\/{rel}","templated":true}]}}