{"id":4391,"date":"2026-04-28T09:16:35","date_gmt":"2026-04-28T07:16:35","guid":{"rendered":"https:\/\/www.muzeum.klodzko.pl\/n\/?p=4391"},"modified":"2026-04-28T09:52:20","modified_gmt":"2026-04-28T07:52:20","slug":"majowka-w-muzeum","status":"publish","type":"post","link":"https:\/\/www.muzeum.klodzko.pl\/n\/majowka-w-muzeum\/","title":{"rendered":"Maj\u00f3wka w Muzeum"},"content":{"rendered":"\n<p>Zapraszamy do Muzeum! <br><br>B\u0119dziemy dla Pa\u0144stwa otwarci 1, 2 i 3 maja 2026 w godzinach: 11.00-17.00. <br><br><br>Polecamy wystawy sta\u0142e i czasowe:<br><br>\u25cf Ostatnie dni prezentacji wystawy czasowej:<\/p>\n\n\n\n<div class=\"wp-block-media-text is-stacked-on-mobile\"><figure class=\"wp-block-media-text__media\"><img loading=\"lazy\" decoding=\"async\" width=\"1024\" height=\"640\" src=\"https:\/\/www.muzeum.klodzko.pl\/n\/wp-content\/uploads\/2026\/04\/obraz-3-1024x640.png\" alt=\"\" class=\"wp-image-4394 size-full\" srcset=\"https:\/\/www.muzeum.klodzko.pl\/n\/wp-content\/uploads\/2026\/04\/obraz-3-1024x640.png 1024w, https:\/\/www.muzeum.klodzko.pl\/n\/wp-content\/uploads\/2026\/04\/obraz-3-300x187.png 300w, https:\/\/www.muzeum.klodzko.pl\/n\/wp-content\/uploads\/2026\/04\/obraz-3-150x94.png 150w, https:\/\/www.muzeum.klodzko.pl\/n\/wp-content\/uploads\/2026\/04\/obraz-3-768x480.png 768w, https:\/\/www.muzeum.klodzko.pl\/n\/wp-content\/uploads\/2026\/04\/obraz-3-1536x960.png 1536w, https:\/\/www.muzeum.klodzko.pl\/n\/wp-content\/uploads\/2026\/04\/obraz-3.png 1890w\" sizes=\"auto, (max-width: 1024px) 100vw, 1024px\" \/><\/figure><div class=\"wp-block-media-text__content\">\n<p><br><a href=\"https:\/\/www.muzeum.klodzko.pl\/n\/czasowe\/woda-zwierciadlem-nieba-dariusz-kaca-i-agata-nowak\/\" target=\"_blank\" rel=\"noreferrer noopener\">Woda zwierciad\u0142em nieba \u2013 Dariusz Kaca i Agata Nowak<\/a><\/p>\n<\/div><\/div>\n\n\n\n<p><br>\u25cf Wystawy sta\u0142e:<\/p>\n\n\n\n<div class=\"wp-block-media-text is-stacked-on-mobile\"><figure class=\"wp-block-media-text__media\"><a href=\"https:\/\/www.muzeum.klodzko.pl\/n\/z-dziejow-klodzka\/\" target=\"_blank\" rel=\" noreferrer noopener\"><img loading=\"lazy\" decoding=\"async\" width=\"1024\" height=\"683\" src=\"https:\/\/www.muzeum.klodzko.pl\/n\/wp-content\/uploads\/2025\/07\/DSC2482-1024x683.jpg\" alt=\"\" class=\"wp-image-1502 size-full\" srcset=\"https:\/\/www.muzeum.klodzko.pl\/n\/wp-content\/uploads\/2025\/07\/DSC2482-1024x683.jpg 1024w, https:\/\/www.muzeum.klodzko.pl\/n\/wp-content\/uploads\/2025\/07\/DSC2482-300x200.jpg 300w, https:\/\/www.muzeum.klodzko.pl\/n\/wp-content\/uploads\/2025\/07\/DSC2482-768x512.jpg 768w, https:\/\/www.muzeum.klodzko.pl\/n\/wp-content\/uploads\/2025\/07\/DSC2482-930x620.jpg 930w, https:\/\/www.muzeum.klodzko.pl\/n\/wp-content\/uploads\/2025\/07\/DSC2482.jpg 1200w\" sizes=\"auto, (max-width: 1024px) 100vw, 1024px\" \/><\/a><\/figure><div class=\"wp-block-media-text__content\">\n<p><a href=\"https:\/\/www.muzeum.klodzko.pl\/n\/z-dziejow-klodzka\/\" target=\"_blank\" rel=\"noreferrer noopener\"><strong><em>Z dziej\u00f3w K\u0142odzka<\/em><\/strong><\/a><\/p>\n<\/div><\/div>\n\n\n\n<p><\/p>\n\n\n\n<div class=\"wp-block-media-text is-stacked-on-mobile\"><figure class=\"wp-block-media-text__media\"><a href=\"https:\/\/www.muzeum.klodzko.pl\/n\/wystawa-stala-kruche-piekno\/\" target=\"_blank\" rel=\" noreferrer noopener\"><img loading=\"lazy\" decoding=\"async\" width=\"1024\" height=\"683\" src=\"https:\/\/www.muzeum.klodzko.pl\/n\/wp-content\/uploads\/2025\/07\/DSC9702-1024x683.jpg\" alt=\"\" class=\"wp-image-1504 size-full\" srcset=\"https:\/\/www.muzeum.klodzko.pl\/n\/wp-content\/uploads\/2025\/07\/DSC9702-1024x683.jpg 1024w, https:\/\/www.muzeum.klodzko.pl\/n\/wp-content\/uploads\/2025\/07\/DSC9702-300x200.jpg 300w, https:\/\/www.muzeum.klodzko.pl\/n\/wp-content\/uploads\/2025\/07\/DSC9702-768x512.jpg 768w, https:\/\/www.muzeum.klodzko.pl\/n\/wp-content\/uploads\/2025\/07\/DSC9702-930x620.jpg 930w, https:\/\/www.muzeum.klodzko.pl\/n\/wp-content\/uploads\/2025\/07\/DSC9702.jpg 1500w\" sizes=\"auto, (max-width: 1024px) 100vw, 1024px\" \/><\/a><\/figure><div class=\"wp-block-media-text__content\">\n<p><strong><em><a href=\"https:\/\/www.muzeum.klodzko.pl\/n\/wystawa-stala-kruche-piekno\/\">Kruche Pi\u0119kno<\/a><br>Szk\u0142o k\u0142odzkie z 2 po\u0142owy XX wieku. Kolekcja Muzeum Ziemi K\u0142odzkiej w K\u0142odzku<\/em><\/strong><\/p>\n<\/div><\/div>\n\n\n\n<p><\/p>\n\n\n\n<div class=\"wp-block-media-text is-stacked-on-mobile\"><figure class=\"wp-block-media-text__media\"><a href=\"https:\/\/www.muzeum.klodzko.pl\/n\/wystawa-stala-oczy-czasu\/\" target=\"_blank\" rel=\" noreferrer noopener\"><img loading=\"lazy\" decoding=\"async\" width=\"1024\" height=\"1020\" src=\"https:\/\/www.muzeum.klodzko.pl\/n\/wp-content\/uploads\/2025\/07\/zegary-dziewczyna-kwadrat--1024x1020.jpg\" alt=\"\" class=\"wp-image-1580 size-full\" srcset=\"https:\/\/www.muzeum.klodzko.pl\/n\/wp-content\/uploads\/2025\/07\/zegary-dziewczyna-kwadrat--1024x1020.jpg 1024w, https:\/\/www.muzeum.klodzko.pl\/n\/wp-content\/uploads\/2025\/07\/zegary-dziewczyna-kwadrat--300x300.jpg 300w, https:\/\/www.muzeum.klodzko.pl\/n\/wp-content\/uploads\/2025\/07\/zegary-dziewczyna-kwadrat--150x150.jpg 150w, https:\/\/www.muzeum.klodzko.pl\/n\/wp-content\/uploads\/2025\/07\/zegary-dziewczyna-kwadrat--768x765.jpg 768w, https:\/\/www.muzeum.klodzko.pl\/n\/wp-content\/uploads\/2025\/07\/zegary-dziewczyna-kwadrat--1536x1530.jpg 1536w, https:\/\/www.muzeum.klodzko.pl\/n\/wp-content\/uploads\/2025\/07\/zegary-dziewczyna-kwadrat-.jpg 1800w\" sizes=\"auto, (max-width: 1024px) 100vw, 1024px\" \/><\/a><\/figure><div class=\"wp-block-media-text__content\">\n<p><strong><em><a href=\"https:\/\/www.muzeum.klodzko.pl\/n\/wystawa-stala-oczy-czasu\/\" target=\"_blank\" rel=\"noreferrer noopener\">Oczy czasu<\/a><br>Zegary mechaniczne popularne na \u015al\u0105sku w XIX i w I po\u0142. XX wieku w zbiorach Muzeum Ziemi K\u0142odzkiej  <\/em><\/strong><\/p>\n<\/div><\/div>\n\n\n\n<p><br><br><\/p>\n\n\n\n<div class=\"wp-block-media-text is-stacked-on-mobile\"><figure class=\"wp-block-media-text__media\"><img loading=\"lazy\" decoding=\"async\" width=\"1024\" height=\"731\" src=\"https:\/\/www.muzeum.klodzko.pl\/n\/wp-content\/uploads\/2026\/04\/DSC3100-1024x731.jpg\" alt=\"\" class=\"wp-image-4395 size-full\" srcset=\"https:\/\/www.muzeum.klodzko.pl\/n\/wp-content\/uploads\/2026\/04\/DSC3100-1024x731.jpg 1024w, https:\/\/www.muzeum.klodzko.pl\/n\/wp-content\/uploads\/2026\/04\/DSC3100-300x214.jpg 300w, https:\/\/www.muzeum.klodzko.pl\/n\/wp-content\/uploads\/2026\/04\/DSC3100-150x107.jpg 150w, https:\/\/www.muzeum.klodzko.pl\/n\/wp-content\/uploads\/2026\/04\/DSC3100-768x549.jpg 768w, https:\/\/www.muzeum.klodzko.pl\/n\/wp-content\/uploads\/2026\/04\/DSC3100.jpg 1400w\" sizes=\"auto, (max-width: 1024px) 100vw, 1024px\" \/><\/figure><div class=\"wp-block-media-text__content\">\n<p>Dziedziniec Muzealny oraz Lapidarium<\/p>\n<\/div><\/div>\n","protected":false},"excerpt":{"rendered":"<p>Zapraszamy do Muzeum! B\u0119dziemy dla Pa\u0144stwa otwarci 1, 2 i 3 maja 2026 w godzinach: 11.00-17.00. Polecamy wystawy sta\u0142e i czasowe: \u25cf Ostatnie dni prezentacji wystawy czasowej: Woda zwierciad\u0142em nieba \u2013 Dariusz Kaca i Agata Nowak \u25cf Wystawy sta\u0142e: Z dziej\u00f3w K\u0142odzka Kruche Pi\u0119knoSzk\u0142o k\u0142odzkie z 2 po\u0142owy XX wieku. Kolekcja Muzeum Ziemi K\u0142odzkiej w&hellip;&nbsp;<a href=\"https:\/\/www.muzeum.klodzko.pl\/n\/majowka-w-muzeum\/\" rel=\"bookmark\">Dowiedz si\u0119 wi\u0119cej &raquo;<span class=\"screen-reader-text\">Maj\u00f3wka w Muzeum<\/span><\/a><\/p>\n","protected":false},"author":3,"featured_media":4392,"comment_status":"closed","ping_status":"open","sticky":false,"template":"","format":"standard","meta":{"neve_meta_sidebar":"","neve_meta_container":"","neve_meta_enable_content_width":"","neve_meta_content_width":0,"neve_meta_title_alignment":"","neve_meta_author_avatar":"","neve_post_elements_order":"","neve_meta_disable_header":"","neve_meta_disable_footer":"","neve_meta_disable_title":"","footnotes":""},"categories":[15,6],"tags":[],"class_list":["post-4391","post","type-post","status-publish","format-standard","has-post-thumbnail","hentry","category-informacje","category-wydarzenia"],"_links":{"self":[{"href":"https:\/\/www.muzeum.klodzko.pl\/n\/wp-json\/wp\/v2\/posts\/4391","targetHints":{"allow":["GET"]}}],"collection":[{"href":"https:\/\/www.muzeum.klodzko.pl\/n\/wp-json\/wp\/v2\/posts"}],"about":[{"href":"https:\/\/www.muzeum.klodzko.pl\/n\/wp-json\/wp\/v2\/types\/post"}],"author":[{"embeddable":true,"href":"https:\/\/www.muzeum.klodzko.pl\/n\/wp-json\/wp\/v2\/users\/3"}],"replies":[{"embeddable":true,"href":"https:\/\/www.muzeum.klodzko.pl\/n\/wp-json\/wp\/v2\/comments?post=4391"}],"version-history":[{"count":3,"href":"https:\/\/www.muzeum.klodzko.pl\/n\/wp-json\/wp\/v2\/posts\/4391\/revisions"}],"predecessor-version":[{"id":4410,"href":"https:\/\/www.muzeum.klodzko.pl\/n\/wp-json\/wp\/v2\/posts\/4391\/revisions\/4410"}],"wp:featuredmedia":[{"embeddable":true,"href":"https:\/\/www.muzeum.klodzko.pl\/n\/wp-json\/wp\/v2\/media\/4392"}],"wp:attachment":[{"href":"https:\/\/www.muzeum.klodzko.pl\/n\/wp-json\/wp\/v2\/media?parent=4391"}],"wp:term":[{"taxonomy":"category","embeddable":true,"href":"https:\/\/www.muzeum.klodzko.pl\/n\/wp-json\/wp\/v2\/categories?post=4391"},{"taxonomy":"post_tag","embeddable":true,"href":"https:\/\/www.muzeum.klodzko.pl\/n\/wp-json\/wp\/v2\/tags?post=4391"}],"curies":[{"name":"wp","href":"https:\/\/api.w.org\/{rel}","templated":true}]}}